{"id":8792,"date":"2022-02-21T11:04:00","date_gmt":"2022-02-21T10:04:00","guid":{"rendered":"https:\/\/chiavalon.hr\/non-categorizzato\/news-from-our-farm\/"},"modified":"2026-03-24T14:00:22","modified_gmt":"2026-03-24T13:00:22","slug":"news-from-our-farm","status":"publish","type":"post","link":"https:\/\/chiavalon.hr\/it\/notizie\/news-from-our-farm\/","title":{"rendered":"Novit\u00e0 dalla nostra azienda: il cerchio della vita"},"content":{"rendered":"\n<p>Gennaio e febbraio sono stati impiegati per l&#8217;imbottigliamento dell&#8217;olio d&#8217;oliva novello, l&#8217;imballaggio e la spedizione degli ordini, una ricapitolazione dell&#8217;anno scorso e una pianificazione sul da farsi nel 2022. Per quanto riguarda le nostre piantagioni si tratta di un periodo di riposo degli olivi dovuto alle temperature pi\u00f9 basse e al recupero dalla raccolta. Abbiamo approfittato di questo periodo per ispezionare gli uliveti e pianificarne la protezione, nutrire le piante e mettere in ordine l&#8217;ambiente circostante.<\/p>\n\n\n\n<p>Con febbraio \u00e8 arrivato il momento in cui siamo noi a dare alla terra e ad aiutare le olive a essere pronte per un nuovo anno produttivo.<\/p>\n\n\n\n<p>Il bel tempo ci ha permesso di iniziare a sistemare gli uliveti, ispezionare gli alberi e nutrire la terra. Nei mesi di gennaio e febbraio abbiamo concimato gli ulivi con sansa compostata. In questo modo, restituiamo all&#8217;ulivo tutto quello che \u00e8 rimasto dopo la trasformazione delle olive. \u00c8 stata inoltre eseguita una lavorazione leggera della terra per eliminare le erbacce e favorire il nutrimento delle piante. Per raccogliere, dobbiamo innanzitutto dare &#8211; ed \u00e8 quello che faremo entro la fine di febbraio. Dobbiamo prenderci cura dei nostri ulivi, sistemarli e nutrirli, e loro ce lo restituiranno durante l&#8217;anno. Nei mesi invernali abbiamo pulito anche i muri a secco e l&#8217;ambiente circostante.<\/p>\n\n\n\n<p>Inoltre, non abbiamo trascurato neppure i nostri campi ad Arsia. Abbiamo svolto la lavorazione invernale preparando il terreno per accogliere la semina dei pomodori in primavera. A fine mese semineremo i semi di pomodoro in serra, cos\u00ec entro maggio le piantine saranno pronte per il campo. <\/p>\n\n\n\n<p>I nostri uliveti hanno un bell&#8217;aspetto &#8211; le olive sono sane, il tempo \u00e8 buono &#8211; le temperature non sono tanto basse, l&#8217;inverno non \u00e8 molto piovoso, c&#8217;\u00e8 il sole e le nostre olive stanno attualmente vivendo la loro fase zen. Ci stiamo preparando per la potatura, che inizier\u00e0 ai primi di marzo dopo che sar\u00e0 passato il pericolo di gelate. Per i prossimi due mesi lavoreremo costantemente negli uliveti, visitandoli per verificare che non ci siano parassiti o malattie, curandoli e facendo tutto il possibile per mantenerli in salute.<\/p>\n\n\n\n<p>Ci impegniamo a investire nella produzione di un olio d&#8217;oliva sano, eccellente e biologico, che si distingua dalle versioni industriali, e tutto quello che facciamo in questi mesi \u00e8 mirato a quest&#8217;obiettivo. <\/p>\n\n\n\n<p>Per l&#8217;olivicoltura, l&#8217;Istria \u00e8 un&#8217;area situata al margine settentrionale e quindi le olive crescono in condizioni e climi estremi, il che \u00e8 in realt\u00e0 un vantaggio perch\u00e9 grazie alla vegetazione ridotta la qualit\u00e0 dell&#8217;olio \u00e8 migliore. Tuttavia, la scorsa primavera ci ha mostrato i denti: ad aprile \u00e8 caduta la neve che ha distrutto alcuni oliveti e, di conseguenza, la produzione di olio d&#8217;oliva in Istria \u00e8 diminuita. Speriamo che quest&#8217;anno avremo pi\u00f9 fortuna con il tempo. <\/p>\n\n\n\n<p>Siamo fiduciosi che se tutto continua cos\u00ec, le nostre 9000 olive avranno una buona annata.<\/p>\n","protected":false},"excerpt":{"rendered":"<p>Gennaio e febbraio sono stati impiegati per l&#8217;imbottigliamento dell&#8217;olio d&#8217;oliva novello, l&#8217;imballaggio e la spedizione degli ordini, una ricapitolazione dell&#8217;anno scorso e una pianificazione sul da farsi nel 2022. Per quanto riguarda le nostre piantagioni si tratta di un periodo di riposo degli olivi dovuto alle temperature pi\u00f9 basse e al recupero dalla raccolta. Abbiamo [&hellip;]<\/p>\n","protected":false},"author":10,"featured_media":8621,"comment_status":"open","ping_status":"open","sticky":false,"template":"","format":"standard","meta":{"inline_featured_image":false,"footnotes":""},"categories":[139,82],"tags":[],"class_list":["post-8792","post","type-post","status-publish","format-standard","has-post-thumbnail","hentry","category-blog","category-notizie"],"yoast_head":"<!-- This site is optimized with the Yoast SEO plugin v26.1 - https:\/\/yoast.com\/wordpress\/plugins\/seo\/ -->\n<title>Novit\u00e0 dalla nostra azienda agricola: il ciclo della vita | Chiavalon<\/title>\n<meta name=\"description\" content=\"Il team Chiavalon prepara gli uliveti per la nuova stagione: concimazione con compost e cura del suolo per il miglior olio d&#039;oliva dell&#039;Istria.\" \/>\n<meta name=\"robots\" content=\"index, follow, max-snippet:-1, max-image-preview:large, max-video-preview:-1\" \/>\n<link rel=\"canonical\" href=\"https:\/\/chiavalon.hr\/it\/notizie\/news-from-our-farm\/\" \/>\n<meta property=\"og:locale\" content=\"it_IT\" \/>\n<meta property=\"og:type\" content=\"article\" \/>\n<meta property=\"og:title\" content=\"Novit\u00e0 dalla nostra azienda agricola: il ciclo della vita | Chiavalon\" \/>\n<meta property=\"og:description\" content=\"Il team Chiavalon prepara gli uliveti per la nuova stagione: concimazione con compost e cura del suolo per il miglior olio d&#039;oliva dell&#039;Istria.\" \/>\n<meta property=\"og:url\" content=\"https:\/\/chiavalon.hr\/it\/notizie\/news-from-our-farm\/\" \/>\n<meta property=\"og:site_name\" content=\"Chiavalon\" \/>\n<meta property=\"article:published_time\" content=\"2022-02-21T10:04:00+00:00\" \/>\n<meta property=\"article:modified_time\" content=\"2026-03-24T13:00:22+00:00\" \/>\n<meta property=\"og:image\" content=\"https:\/\/chiavalon.hr\/wp-content\/uploads\/2022\/02\/CHIAVALON-ULJE-2014-234-scaled-1.webp\" \/>\n\t<meta property=\"og:image:width\" content=\"2560\" \/>\n\t<meta property=\"og:image:height\" content=\"1707\" \/>\n\t<meta property=\"og:image:type\" content=\"image\/webp\" \/>\n<meta name=\"author\" content=\"order\" \/>\n<meta name=\"twitter:card\" content=\"summary_large_image\" \/>\n<meta name=\"twitter:label1\" content=\"Scritto da\" \/>\n\t<meta name=\"twitter:data1\" content=\"order\" \/>\n\t<meta name=\"twitter:label2\" content=\"Tempo di lettura stimato\" \/>\n\t<meta name=\"twitter:data2\" content=\"3 minuti\" \/>\n<script type=\"application\/ld+json\" class=\"yoast-schema-graph\">{\"@context\":\"https:\/\/schema.org\",\"@graph\":[{\"@type\":\"WebPage\",\"@id\":\"https:\/\/chiavalon.hr\/it\/notizie\/news-from-our-farm\/\",\"url\":\"https:\/\/chiavalon.hr\/it\/notizie\/news-from-our-farm\/\",\"name\":\"Novit\u00e0 dalla nostra azienda agricola: il ciclo della vita | Chiavalon\",\"isPartOf\":{\"@id\":\"https:\/\/chiavalon.hr\/#website\"},\"primaryImageOfPage\":{\"@id\":\"https:\/\/chiavalon.hr\/it\/notizie\/news-from-our-farm\/#primaryimage\"},\"image\":{\"@id\":\"https:\/\/chiavalon.hr\/it\/notizie\/news-from-our-farm\/#primaryimage\"},\"thumbnailUrl\":\"https:\/\/chiavalon.hr\/wp-content\/uploads\/2022\/02\/CHIAVALON-ULJE-2014-234-scaled-1.webp\",\"datePublished\":\"2022-02-21T10:04:00+00:00\",\"dateModified\":\"2026-03-24T13:00:22+00:00\",\"author\":{\"@id\":\"https:\/\/chiavalon.hr\/#\/schema\/person\/828bab9ec632778a44fddbbf316f9dfc\"},\"description\":\"Il team Chiavalon prepara gli uliveti per la nuova stagione: concimazione con compost e cura del suolo per il miglior olio d'oliva dell'Istria.\",\"breadcrumb\":{\"@id\":\"https:\/\/chiavalon.hr\/it\/notizie\/news-from-our-farm\/#breadcrumb\"},\"inLanguage\":\"it-IT\",\"potentialAction\":[{\"@type\":\"ReadAction\",\"target\":[\"https:\/\/chiavalon.hr\/it\/notizie\/news-from-our-farm\/\"]}]},{\"@type\":\"ImageObject\",\"inLanguage\":\"it-IT\",\"@id\":\"https:\/\/chiavalon.hr\/it\/notizie\/news-from-our-farm\/#primaryimage\",\"url\":\"https:\/\/chiavalon.hr\/wp-content\/uploads\/2022\/02\/CHIAVALON-ULJE-2014-234-scaled-1.webp\",\"contentUrl\":\"https:\/\/chiavalon.hr\/wp-content\/uploads\/2022\/02\/CHIAVALON-ULJE-2014-234-scaled-1.webp\",\"width\":2560,\"height\":1707},{\"@type\":\"BreadcrumbList\",\"@id\":\"https:\/\/chiavalon.hr\/it\/notizie\/news-from-our-farm\/#breadcrumb\",\"itemListElement\":[{\"@type\":\"ListItem\",\"position\":1,\"name\":\"Home\",\"item\":\"https:\/\/chiavalon.hr\/it\/chiavalon\/\"},{\"@type\":\"ListItem\",\"position\":2,\"name\":\"Novit\u00e0 dalla nostra azienda: il cerchio della vita\"}]},{\"@type\":\"WebSite\",\"@id\":\"https:\/\/chiavalon.hr\/#website\",\"url\":\"https:\/\/chiavalon.hr\/\",\"name\":\"Chiavalon\",\"description\":\"\",\"potentialAction\":[{\"@type\":\"SearchAction\",\"target\":{\"@type\":\"EntryPoint\",\"urlTemplate\":\"https:\/\/chiavalon.hr\/?s={search_term_string}\"},\"query-input\":{\"@type\":\"PropertyValueSpecification\",\"valueRequired\":true,\"valueName\":\"search_term_string\"}}],\"inLanguage\":\"it-IT\"},{\"@type\":\"Person\",\"@id\":\"https:\/\/chiavalon.hr\/#\/schema\/person\/828bab9ec632778a44fddbbf316f9dfc\",\"name\":\"order\",\"image\":{\"@type\":\"ImageObject\",\"inLanguage\":\"it-IT\",\"@id\":\"https:\/\/chiavalon.hr\/#\/schema\/person\/image\/\",\"url\":\"https:\/\/secure.gravatar.com\/avatar\/768a2359e2c34100c684958b030df7f3ca3fd2a3a7c792ead2a84f3939c68de8?s=96&d=mm&r=g\",\"contentUrl\":\"https:\/\/secure.gravatar.com\/avatar\/768a2359e2c34100c684958b030df7f3ca3fd2a3a7c792ead2a84f3939c68de8?s=96&d=mm&r=g\",\"caption\":\"order\"}}]}<\/script>\n<!-- \/ Yoast SEO plugin. -->","yoast_head_json":{"title":"Novit\u00e0 dalla nostra azienda agricola: il ciclo della vita | Chiavalon","description":"Il team Chiavalon prepara gli uliveti per la nuova stagione: concimazione con compost e cura del suolo per il miglior olio d'oliva dell'Istria.","robots":{"index":"index","follow":"follow","max-snippet":"max-snippet:-1","max-image-preview":"max-image-preview:large","max-video-preview":"max-video-preview:-1"},"canonical":"https:\/\/chiavalon.hr\/it\/notizie\/news-from-our-farm\/","og_locale":"it_IT","og_type":"article","og_title":"Novit\u00e0 dalla nostra azienda agricola: il ciclo della vita | Chiavalon","og_description":"Il team Chiavalon prepara gli uliveti per la nuova stagione: concimazione con compost e cura del suolo per il miglior olio d'oliva dell'Istria.","og_url":"https:\/\/chiavalon.hr\/it\/notizie\/news-from-our-farm\/","og_site_name":"Chiavalon","article_published_time":"2022-02-21T10:04:00+00:00","article_modified_time":"2026-03-24T13:00:22+00:00","og_image":[{"width":2560,"height":1707,"url":"https:\/\/chiavalon.hr\/wp-content\/uploads\/2022\/02\/CHIAVALON-ULJE-2014-234-scaled-1.webp","type":"image\/webp"}],"author":"order","twitter_card":"summary_large_image","twitter_misc":{"Scritto da":"order","Tempo di lettura stimato":"3 minuti"},"schema":{"@context":"https:\/\/schema.org","@graph":[{"@type":"WebPage","@id":"https:\/\/chiavalon.hr\/it\/notizie\/news-from-our-farm\/","url":"https:\/\/chiavalon.hr\/it\/notizie\/news-from-our-farm\/","name":"Novit\u00e0 dalla nostra azienda agricola: il ciclo della vita | Chiavalon","isPartOf":{"@id":"https:\/\/chiavalon.hr\/#website"},"primaryImageOfPage":{"@id":"https:\/\/chiavalon.hr\/it\/notizie\/news-from-our-farm\/#primaryimage"},"image":{"@id":"https:\/\/chiavalon.hr\/it\/notizie\/news-from-our-farm\/#primaryimage"},"thumbnailUrl":"https:\/\/chiavalon.hr\/wp-content\/uploads\/2022\/02\/CHIAVALON-ULJE-2014-234-scaled-1.webp","datePublished":"2022-02-21T10:04:00+00:00","dateModified":"2026-03-24T13:00:22+00:00","author":{"@id":"https:\/\/chiavalon.hr\/#\/schema\/person\/828bab9ec632778a44fddbbf316f9dfc"},"description":"Il team Chiavalon prepara gli uliveti per la nuova stagione: concimazione con compost e cura del suolo per il miglior olio d'oliva dell'Istria.","breadcrumb":{"@id":"https:\/\/chiavalon.hr\/it\/notizie\/news-from-our-farm\/#breadcrumb"},"inLanguage":"it-IT","potentialAction":[{"@type":"ReadAction","target":["https:\/\/chiavalon.hr\/it\/notizie\/news-from-our-farm\/"]}]},{"@type":"ImageObject","inLanguage":"it-IT","@id":"https:\/\/chiavalon.hr\/it\/notizie\/news-from-our-farm\/#primaryimage","url":"https:\/\/chiavalon.hr\/wp-content\/uploads\/2022\/02\/CHIAVALON-ULJE-2014-234-scaled-1.webp","contentUrl":"https:\/\/chiavalon.hr\/wp-content\/uploads\/2022\/02\/CHIAVALON-ULJE-2014-234-scaled-1.webp","width":2560,"height":1707},{"@type":"BreadcrumbList","@id":"https:\/\/chiavalon.hr\/it\/notizie\/news-from-our-farm\/#breadcrumb","itemListElement":[{"@type":"ListItem","position":1,"name":"Home","item":"https:\/\/chiavalon.hr\/it\/chiavalon\/"},{"@type":"ListItem","position":2,"name":"Novit\u00e0 dalla nostra azienda: il cerchio della vita"}]},{"@type":"WebSite","@id":"https:\/\/chiavalon.hr\/#website","url":"https:\/\/chiavalon.hr\/","name":"Chiavalon","description":"","potentialAction":[{"@type":"SearchAction","target":{"@type":"EntryPoint","urlTemplate":"https:\/\/chiavalon.hr\/?s={search_term_string}"},"query-input":{"@type":"PropertyValueSpecification","valueRequired":true,"valueName":"search_term_string"}}],"inLanguage":"it-IT"},{"@type":"Person","@id":"https:\/\/chiavalon.hr\/#\/schema\/person\/828bab9ec632778a44fddbbf316f9dfc","name":"order","image":{"@type":"ImageObject","inLanguage":"it-IT","@id":"https:\/\/chiavalon.hr\/#\/schema\/person\/image\/","url":"https:\/\/secure.gravatar.com\/avatar\/768a2359e2c34100c684958b030df7f3ca3fd2a3a7c792ead2a84f3939c68de8?s=96&d=mm&r=g","contentUrl":"https:\/\/secure.gravatar.com\/avatar\/768a2359e2c34100c684958b030df7f3ca3fd2a3a7c792ead2a84f3939c68de8?s=96&d=mm&r=g","caption":"order"}}]}},"_links":{"self":[{"href":"https:\/\/chiavalon.hr\/it\/wp-json\/wp\/v2\/posts\/8792","targetHints":{"allow":["GET"]}}],"collection":[{"href":"https:\/\/chiavalon.hr\/it\/wp-json\/wp\/v2\/posts"}],"about":[{"href":"https:\/\/chiavalon.hr\/it\/wp-json\/wp\/v2\/types\/post"}],"author":[{"embeddable":true,"href":"https:\/\/chiavalon.hr\/it\/wp-json\/wp\/v2\/users\/10"}],"replies":[{"embeddable":true,"href":"https:\/\/chiavalon.hr\/it\/wp-json\/wp\/v2\/comments?post=8792"}],"version-history":[{"count":0,"href":"https:\/\/chiavalon.hr\/it\/wp-json\/wp\/v2\/posts\/8792\/revisions"}],"wp:featuredmedia":[{"embeddable":true,"href":"https:\/\/chiavalon.hr\/it\/wp-json\/wp\/v2\/media\/8621"}],"wp:attachment":[{"href":"https:\/\/chiavalon.hr\/it\/wp-json\/wp\/v2\/media?parent=8792"}],"wp:term":[{"taxonomy":"category","embeddable":true,"href":"https:\/\/chiavalon.hr\/it\/wp-json\/wp\/v2\/categories?post=8792"},{"taxonomy":"post_tag","embeddable":true,"href":"https:\/\/chiavalon.hr\/it\/wp-json\/wp\/v2\/tags?post=8792"}],"curies":[{"name":"wp","href":"https:\/\/api.w.org\/{rel}","templated":true}]}}