{"id":11373,"date":"2025-10-31T13:29:40","date_gmt":"2025-10-31T12:29:40","guid":{"rendered":"https:\/\/chiavalon.hr\/non-categorizzato\/29-berba-chiavalon-maslina-dvije-generacije-jedan-stroj-i-10-godina-vlastite-prerade\/"},"modified":"2026-03-24T14:52:12","modified_gmt":"2026-03-24T13:52:12","slug":"29-berba-chiavalon-maslina-dvije-generacije-jedan-stroj-i-10-godina-vlastite-prerade","status":"publish","type":"post","link":"https:\/\/chiavalon.hr\/it\/notizie\/29-berba-chiavalon-maslina-dvije-generacije-jedan-stroj-i-10-godina-vlastite-prerade\/","title":{"rendered":"La 29\u00aa raccolta delle olive Chiavalon: due generazioni, una macchina e 10 anni di produzione propria"},"content":{"rendered":"\n<p>A Dignano, tra gli oliveti che si estendono verso il mare, l\u2019autunno porta con s\u00e9 un ritmo familiare \u2013 \u00e8 arrivata la quinta stagione dell\u2019anno: il tempo della raccolta delle olive.<\/p>\n\n\n\n<p>Nel frantoio Chiavalon le giornate e le notti scorrono allo stesso ritmo. Le macchine non si fermano mai, e l\u2019aria \u00e8 piena del profumo intenso delle olive appena macinate \u2013 segno che un nuovo olio sta nascendo.La lavorazione \u00e8 guidata da Sandi Chiavalon, il fondatore che ha dato inizio a questa storia nel 1997, e da suo figlio Antonio. Antonio arriva direttamente da scuola per prendere il turno, mentre Sandi e il resto del team mantengono il frantoio operativo 24 ore su 24.<\/p>\n\n\n\n<p>Questa \u00e8 la <strong>29\u00aa raccolta di olive Chiavalon<\/strong> e il <strong>10\u00ba anno di produzione<\/strong> propria, il che significa che ogni fase \u2013 dall\u2019albero alla bottiglia \u2013 \u00e8 completamente nelle nostre mani. Ed \u00e8 proprio questo che ci distingue: esperienza, dedizione familiare e controllo totale su ogni goccia di olio extravergine.<\/p>\n\n\n\n<p><strong>Una raccolta tra sole e bora<\/strong><\/p>\n\n\n\n<p>La raccolta 2025 \u00e8 iniziata il <strong>2 ottobre<\/strong>, con condizioni meteorologiche quasi perfette. Il sole e la bora hanno accompagnato il lavoro per tutto il mese, permettendo di raccogliere il frutto asciutto e conservarlo nel suo stato ottimale. Entro la fine di ottobre, <strong>l\u201980% delle olive<\/strong> era gi\u00e0 stato raccolto e lavorato, mentre il resto attende condizioni pi\u00f9 stabili.<\/p>\n\n\n\n<p>La pioggia arrivata a fine mese ha portato un po\u2019 di affollamento nei frantoi di tutta l\u2019Istria \u2013 anche nel nostro \u2013 ma restiamo organizzati e concentrati per completare tutto nel minor tempo possibile.<\/p>\n\n\n\n<p><strong>Un\u2019annata difficile ma di successo<\/strong><\/p>\n\n\n\n<p>L\u2019anno non \u00e8 stato facile per gli olivicoltori. La primavera \u00e8 stata molto piovosa, mentre maggio e giugno hanno portato siccit\u00e0 e temperature elevate, influenzando la fioritura e la fruttificazione delle olive. Poi, luglio e agosto sono stati insolitamente piovosi, favorendo la comparsa di parassiti come il punteruolo, la cimice e la mosca olearia \u2013 una vera sfida per i produttori biologici.<\/p>\n\n\n\n<p>Grazie alla costante attenzione e al lavoro del nostro team, il frutto \u00e8 stato salvato e mantenuto in ottime condizioni. Anche se la quantit\u00e0 di olive \u00e8 leggermente inferiore rispetto all\u2019anno scorso, le rese sono migliori, quindi la quantit\u00e0 complessiva di olio sar\u00e0 simile a quella del 2024. Le olive sono arrivate sane alla raccolta, e gli oli di quest\u2019anno sono armonici e fruttati, pieni di freschezza e equilibrio \u2013 proprio come amiamo crearli. L\u2019estate piovosa ha aggiunto agli oli una nota di vivacit\u00e0 e profondit\u00e0, che si percepisce in ogni assaggio.<\/p>\n\n\n<div class=\"wp-block-image\">\n<figure class=\"aligncenter size-full\"><a href=\"https:\/\/chiavalon.hr\/wp-content\/uploads\/2026\/03\/sandi-intervju-1024x683-1.webp\"><img fetchpriority=\"high\" decoding=\"async\" width=\"1024\" height=\"683\" src=\"https:\/\/chiavalon.hr\/wp-content\/uploads\/2026\/03\/sandi-intervju-1024x683-1.webp\" alt=\"\" class=\"wp-image-11367\" srcset=\"https:\/\/chiavalon.hr\/wp-content\/uploads\/2026\/03\/sandi-intervju-1024x683-1.webp 1024w, https:\/\/chiavalon.hr\/wp-content\/uploads\/2026\/03\/sandi-intervju-1024x683-1-300x200.webp 300w, https:\/\/chiavalon.hr\/wp-content\/uploads\/2026\/03\/sandi-intervju-1024x683-1-768x512.webp 768w, https:\/\/chiavalon.hr\/wp-content\/uploads\/2026\/03\/sandi-intervju-1024x683-1-600x400.webp 600w, https:\/\/chiavalon.hr\/wp-content\/uploads\/2026\/03\/sandi-intervju-1024x683-1-100x67.webp 100w\" sizes=\"(max-width: 1024px) 100vw, 1024px\" \/><\/a><\/figure><\/div>\n\n\n<p><strong>Tecnologia, tradizione e conoscenza<\/strong><\/p>\n\n\n\n<p>Il nostro frantoio non \u00e8 solo un luogo di produzione \u2013 \u00e8 un centro di innovazione e conoscenza. Il sistema \u00e8 completamente digitalizzato, permettendo a ogni olivicoltore che porta le proprie olive di seguire il processo in tempo reale e ricevere aggiornamenti via email quando l\u2019olio \u00e8 pronto.<\/p>\n\n\n\n<p>Sandi sottolinea con orgoglio che la digitalizzazione ha portato nuova trasparenza e fiducia tra i produttori locali. Un altro motivo di soddisfazione \u00e8 l\u2019aumento dei produttori che filtrano l\u2019olio subito dopo la spremitura \u2013 una pratica essenziale per la durata e la qualit\u00e0 dell\u2019olio.<br>\u201cQuando vedi le persone imparare e capire il processo\u201d, dice Sandi con un sorriso, \u201csai che stiamo andando nella direzione giusta.\u201d<\/p>\n\n\n\n<p>Ora inizia una delle fasi pi\u00f9 belle: l\u2019assaggio e la creazione dei blend. Come ogni anno, lavoriamo variet\u00e0 per variet\u00e0 per ottenere oli equilibrati, capaci di esaltare ogni piatto.<\/p>\n\n\n\n<p><strong>Due generazioni, un solo scopo<\/strong><\/p>\n\n\n\n<p>Oggi il frantoio Chiavalon rappresenta lo spirito autentico del lavoro familiare. Due generazioni \u2013 padre e figlio \u2013 lavorano fianco a fianco alla stessa macchina. Antonio, ancora studente di scuola agraria, sta gi\u00e0 imparando il mestiere sul campo, con la passione per l\u2019olivo e la terra che gli scorre nelle vene.<\/p>\n\n\n\n<p>Il loro lavoro \u00e8 il simbolo perfetto dell\u2019incontro tra tradizione e futuro \u2013 una famiglia che innova costantemente, ma resta fedele ai propri valori.<\/p>\n\n\n\n<p>La raccolta 2025 racchiude tutto ci\u00f2 che Chiavalon rappresenta: passione, competenza, dedizione e innovazione. Il sole, la bora, la pioggia e la terra si sono uniti ancora una volta alle mani dell\u2019uomo e allo spirito di famiglia.<\/p>\n\n\n\n<p>E mentre il nuovo olio verde dorato inizia a scorrere dalla pressa, in ogni goccia si percepiscono l\u2019amore per l\u2019olivo e l\u2019orgoglio per il lavoro di famiglia.<\/p>\n\n\n\n<p>Mentre le macchine continuano a lavorare senza sosta, Sandi e Antonio si scambiano uno sguardo che dice tutto: <strong>Il lavoro continua<\/strong>.<\/p>\n","protected":false},"excerpt":{"rendered":"<p>A Dignano, tra gli oliveti che si estendono verso il mare, l\u2019autunno porta con s\u00e9 un ritmo familiare \u2013 \u00e8 arrivata la quinta stagione dell\u2019anno: il tempo della raccolta delle olive. Nel frantoio Chiavalon le giornate e le notti scorrono allo stesso ritmo. Le macchine non si fermano mai, e l\u2019aria \u00e8 piena del profumo [&hellip;]<\/p>\n","protected":false},"author":1,"featured_media":11362,"comment_status":"open","ping_status":"open","sticky":false,"template":"","format":"standard","meta":{"inline_featured_image":false,"footnotes":""},"categories":[139,82],"tags":[],"class_list":["post-11373","post","type-post","status-publish","format-standard","has-post-thumbnail","hentry","category-blog","category-notizie"],"yoast_head":"<!-- This site is optimized with the Yoast SEO plugin v26.1 - https:\/\/yoast.com\/wordpress\/plugins\/seo\/ -->\n<title>La 29\u00aa raccolta delle olive: due generazioni, una macchina | Chiavalon<\/title>\n<meta name=\"description\" content=\"Scoprite la 29\u00aa raccolta delle olive Chiavalon \u2013 tradizione e tecnologia. 10 anni di lavorazione propria e qualit\u00e0 eccellente da Dignano.\" \/>\n<meta name=\"robots\" content=\"index, follow, max-snippet:-1, max-image-preview:large, max-video-preview:-1\" \/>\n<link rel=\"canonical\" href=\"https:\/\/chiavalon.hr\/it\/notizie\/29-berba-chiavalon-maslina-dvije-generacije-jedan-stroj-i-10-godina-vlastite-prerade\/\" \/>\n<meta property=\"og:locale\" content=\"it_IT\" \/>\n<meta property=\"og:type\" content=\"article\" \/>\n<meta property=\"og:title\" content=\"La 29\u00aa raccolta delle olive: due generazioni, una macchina | Chiavalon\" \/>\n<meta property=\"og:description\" content=\"Scoprite la 29\u00aa raccolta delle olive Chiavalon \u2013 tradizione e tecnologia. 10 anni di lavorazione propria e qualit\u00e0 eccellente da Dignano.\" \/>\n<meta property=\"og:url\" content=\"https:\/\/chiavalon.hr\/it\/notizie\/29-berba-chiavalon-maslina-dvije-generacije-jedan-stroj-i-10-godina-vlastite-prerade\/\" \/>\n<meta property=\"og:site_name\" content=\"Chiavalon\" \/>\n<meta property=\"article:published_time\" content=\"2025-10-31T12:29:40+00:00\" \/>\n<meta property=\"article:modified_time\" content=\"2026-03-24T13:52:12+00:00\" \/>\n<meta property=\"og:image\" content=\"https:\/\/chiavalon.hr\/wp-content\/uploads\/2026\/03\/PHOTO-2025-10-30-13-14-07.webp\" \/>\n\t<meta property=\"og:image:width\" content=\"960\" \/>\n\t<meta property=\"og:image:height\" content=\"720\" \/>\n\t<meta property=\"og:image:type\" content=\"image\/webp\" \/>\n<meta name=\"author\" content=\"ivanpercan\" \/>\n<meta name=\"twitter:card\" content=\"summary_large_image\" \/>\n<meta name=\"twitter:label1\" content=\"Scritto da\" \/>\n\t<meta name=\"twitter:data1\" content=\"ivanpercan\" \/>\n\t<meta name=\"twitter:label2\" content=\"Tempo di lettura stimato\" \/>\n\t<meta name=\"twitter:data2\" content=\"4 minuti\" \/>\n<script type=\"application\/ld+json\" class=\"yoast-schema-graph\">{\"@context\":\"https:\/\/schema.org\",\"@graph\":[{\"@type\":\"WebPage\",\"@id\":\"https:\/\/chiavalon.hr\/it\/notizie\/29-berba-chiavalon-maslina-dvije-generacije-jedan-stroj-i-10-godina-vlastite-prerade\/\",\"url\":\"https:\/\/chiavalon.hr\/it\/notizie\/29-berba-chiavalon-maslina-dvije-generacije-jedan-stroj-i-10-godina-vlastite-prerade\/\",\"name\":\"La 29\u00aa raccolta delle olive: due generazioni, una macchina | Chiavalon\",\"isPartOf\":{\"@id\":\"https:\/\/chiavalon.hr\/#website\"},\"primaryImageOfPage\":{\"@id\":\"https:\/\/chiavalon.hr\/it\/notizie\/29-berba-chiavalon-maslina-dvije-generacije-jedan-stroj-i-10-godina-vlastite-prerade\/#primaryimage\"},\"image\":{\"@id\":\"https:\/\/chiavalon.hr\/it\/notizie\/29-berba-chiavalon-maslina-dvije-generacije-jedan-stroj-i-10-godina-vlastite-prerade\/#primaryimage\"},\"thumbnailUrl\":\"https:\/\/chiavalon.hr\/wp-content\/uploads\/2026\/03\/PHOTO-2025-10-30-13-14-07.webp\",\"datePublished\":\"2025-10-31T12:29:40+00:00\",\"dateModified\":\"2026-03-24T13:52:12+00:00\",\"author\":{\"@id\":\"https:\/\/chiavalon.hr\/#\/schema\/person\/c55a999ad65fce98eb4e1a651320a0c7\"},\"description\":\"Scoprite la 29\u00aa raccolta delle olive Chiavalon \u2013 tradizione e tecnologia. 10 anni di lavorazione propria e qualit\u00e0 eccellente da Dignano.\",\"breadcrumb\":{\"@id\":\"https:\/\/chiavalon.hr\/it\/notizie\/29-berba-chiavalon-maslina-dvije-generacije-jedan-stroj-i-10-godina-vlastite-prerade\/#breadcrumb\"},\"inLanguage\":\"it-IT\",\"potentialAction\":[{\"@type\":\"ReadAction\",\"target\":[\"https:\/\/chiavalon.hr\/it\/notizie\/29-berba-chiavalon-maslina-dvije-generacije-jedan-stroj-i-10-godina-vlastite-prerade\/\"]}]},{\"@type\":\"ImageObject\",\"inLanguage\":\"it-IT\",\"@id\":\"https:\/\/chiavalon.hr\/it\/notizie\/29-berba-chiavalon-maslina-dvije-generacije-jedan-stroj-i-10-godina-vlastite-prerade\/#primaryimage\",\"url\":\"https:\/\/chiavalon.hr\/wp-content\/uploads\/2026\/03\/PHOTO-2025-10-30-13-14-07.webp\",\"contentUrl\":\"https:\/\/chiavalon.hr\/wp-content\/uploads\/2026\/03\/PHOTO-2025-10-30-13-14-07.webp\",\"width\":960,\"height\":720},{\"@type\":\"BreadcrumbList\",\"@id\":\"https:\/\/chiavalon.hr\/it\/notizie\/29-berba-chiavalon-maslina-dvije-generacije-jedan-stroj-i-10-godina-vlastite-prerade\/#breadcrumb\",\"itemListElement\":[{\"@type\":\"ListItem\",\"position\":1,\"name\":\"Home\",\"item\":\"https:\/\/chiavalon.hr\/it\/chiavalon\/\"},{\"@type\":\"ListItem\",\"position\":2,\"name\":\"La 29\u00aa raccolta delle olive Chiavalon: due generazioni, una macchina e 10 anni di produzione propria\"}]},{\"@type\":\"WebSite\",\"@id\":\"https:\/\/chiavalon.hr\/#website\",\"url\":\"https:\/\/chiavalon.hr\/\",\"name\":\"Chiavalon\",\"description\":\"\",\"potentialAction\":[{\"@type\":\"SearchAction\",\"target\":{\"@type\":\"EntryPoint\",\"urlTemplate\":\"https:\/\/chiavalon.hr\/?s={search_term_string}\"},\"query-input\":{\"@type\":\"PropertyValueSpecification\",\"valueRequired\":true,\"valueName\":\"search_term_string\"}}],\"inLanguage\":\"it-IT\"},{\"@type\":\"Person\",\"@id\":\"https:\/\/chiavalon.hr\/#\/schema\/person\/c55a999ad65fce98eb4e1a651320a0c7\",\"name\":\"ivanpercan\",\"image\":{\"@type\":\"ImageObject\",\"inLanguage\":\"it-IT\",\"@id\":\"https:\/\/chiavalon.hr\/#\/schema\/person\/image\/\",\"url\":\"https:\/\/secure.gravatar.com\/avatar\/7167006268c65fbf33759443d10d826f29b912acae0ee815d28c2e67186e37bc?s=96&d=mm&r=g\",\"contentUrl\":\"https:\/\/secure.gravatar.com\/avatar\/7167006268c65fbf33759443d10d826f29b912acae0ee815d28c2e67186e37bc?s=96&d=mm&r=g\",\"caption\":\"ivanpercan\"}}]}<\/script>\n<!-- \/ Yoast SEO plugin. -->","yoast_head_json":{"title":"La 29\u00aa raccolta delle olive: due generazioni, una macchina | Chiavalon","description":"Scoprite la 29\u00aa raccolta delle olive Chiavalon \u2013 tradizione e tecnologia. 10 anni di lavorazione propria e qualit\u00e0 eccellente da Dignano.","robots":{"index":"index","follow":"follow","max-snippet":"max-snippet:-1","max-image-preview":"max-image-preview:large","max-video-preview":"max-video-preview:-1"},"canonical":"https:\/\/chiavalon.hr\/it\/notizie\/29-berba-chiavalon-maslina-dvije-generacije-jedan-stroj-i-10-godina-vlastite-prerade\/","og_locale":"it_IT","og_type":"article","og_title":"La 29\u00aa raccolta delle olive: due generazioni, una macchina | Chiavalon","og_description":"Scoprite la 29\u00aa raccolta delle olive Chiavalon \u2013 tradizione e tecnologia. 10 anni di lavorazione propria e qualit\u00e0 eccellente da Dignano.","og_url":"https:\/\/chiavalon.hr\/it\/notizie\/29-berba-chiavalon-maslina-dvije-generacije-jedan-stroj-i-10-godina-vlastite-prerade\/","og_site_name":"Chiavalon","article_published_time":"2025-10-31T12:29:40+00:00","article_modified_time":"2026-03-24T13:52:12+00:00","og_image":[{"width":960,"height":720,"url":"https:\/\/chiavalon.hr\/wp-content\/uploads\/2026\/03\/PHOTO-2025-10-30-13-14-07.webp","type":"image\/webp"}],"author":"ivanpercan","twitter_card":"summary_large_image","twitter_misc":{"Scritto da":"ivanpercan","Tempo di lettura stimato":"4 minuti"},"schema":{"@context":"https:\/\/schema.org","@graph":[{"@type":"WebPage","@id":"https:\/\/chiavalon.hr\/it\/notizie\/29-berba-chiavalon-maslina-dvije-generacije-jedan-stroj-i-10-godina-vlastite-prerade\/","url":"https:\/\/chiavalon.hr\/it\/notizie\/29-berba-chiavalon-maslina-dvije-generacije-jedan-stroj-i-10-godina-vlastite-prerade\/","name":"La 29\u00aa raccolta delle olive: due generazioni, una macchina | Chiavalon","isPartOf":{"@id":"https:\/\/chiavalon.hr\/#website"},"primaryImageOfPage":{"@id":"https:\/\/chiavalon.hr\/it\/notizie\/29-berba-chiavalon-maslina-dvije-generacije-jedan-stroj-i-10-godina-vlastite-prerade\/#primaryimage"},"image":{"@id":"https:\/\/chiavalon.hr\/it\/notizie\/29-berba-chiavalon-maslina-dvije-generacije-jedan-stroj-i-10-godina-vlastite-prerade\/#primaryimage"},"thumbnailUrl":"https:\/\/chiavalon.hr\/wp-content\/uploads\/2026\/03\/PHOTO-2025-10-30-13-14-07.webp","datePublished":"2025-10-31T12:29:40+00:00","dateModified":"2026-03-24T13:52:12+00:00","author":{"@id":"https:\/\/chiavalon.hr\/#\/schema\/person\/c55a999ad65fce98eb4e1a651320a0c7"},"description":"Scoprite la 29\u00aa raccolta delle olive Chiavalon \u2013 tradizione e tecnologia. 10 anni di lavorazione propria e qualit\u00e0 eccellente da Dignano.","breadcrumb":{"@id":"https:\/\/chiavalon.hr\/it\/notizie\/29-berba-chiavalon-maslina-dvije-generacije-jedan-stroj-i-10-godina-vlastite-prerade\/#breadcrumb"},"inLanguage":"it-IT","potentialAction":[{"@type":"ReadAction","target":["https:\/\/chiavalon.hr\/it\/notizie\/29-berba-chiavalon-maslina-dvije-generacije-jedan-stroj-i-10-godina-vlastite-prerade\/"]}]},{"@type":"ImageObject","inLanguage":"it-IT","@id":"https:\/\/chiavalon.hr\/it\/notizie\/29-berba-chiavalon-maslina-dvije-generacije-jedan-stroj-i-10-godina-vlastite-prerade\/#primaryimage","url":"https:\/\/chiavalon.hr\/wp-content\/uploads\/2026\/03\/PHOTO-2025-10-30-13-14-07.webp","contentUrl":"https:\/\/chiavalon.hr\/wp-content\/uploads\/2026\/03\/PHOTO-2025-10-30-13-14-07.webp","width":960,"height":720},{"@type":"BreadcrumbList","@id":"https:\/\/chiavalon.hr\/it\/notizie\/29-berba-chiavalon-maslina-dvije-generacije-jedan-stroj-i-10-godina-vlastite-prerade\/#breadcrumb","itemListElement":[{"@type":"ListItem","position":1,"name":"Home","item":"https:\/\/chiavalon.hr\/it\/chiavalon\/"},{"@type":"ListItem","position":2,"name":"La 29\u00aa raccolta delle olive Chiavalon: due generazioni, una macchina e 10 anni di produzione propria"}]},{"@type":"WebSite","@id":"https:\/\/chiavalon.hr\/#website","url":"https:\/\/chiavalon.hr\/","name":"Chiavalon","description":"","potentialAction":[{"@type":"SearchAction","target":{"@type":"EntryPoint","urlTemplate":"https:\/\/chiavalon.hr\/?s={search_term_string}"},"query-input":{"@type":"PropertyValueSpecification","valueRequired":true,"valueName":"search_term_string"}}],"inLanguage":"it-IT"},{"@type":"Person","@id":"https:\/\/chiavalon.hr\/#\/schema\/person\/c55a999ad65fce98eb4e1a651320a0c7","name":"ivanpercan","image":{"@type":"ImageObject","inLanguage":"it-IT","@id":"https:\/\/chiavalon.hr\/#\/schema\/person\/image\/","url":"https:\/\/secure.gravatar.com\/avatar\/7167006268c65fbf33759443d10d826f29b912acae0ee815d28c2e67186e37bc?s=96&d=mm&r=g","contentUrl":"https:\/\/secure.gravatar.com\/avatar\/7167006268c65fbf33759443d10d826f29b912acae0ee815d28c2e67186e37bc?s=96&d=mm&r=g","caption":"ivanpercan"}}]}},"_links":{"self":[{"href":"https:\/\/chiavalon.hr\/it\/wp-json\/wp\/v2\/posts\/11373","targetHints":{"allow":["GET"]}}],"collection":[{"href":"https:\/\/chiavalon.hr\/it\/wp-json\/wp\/v2\/posts"}],"about":[{"href":"https:\/\/chiavalon.hr\/it\/wp-json\/wp\/v2\/types\/post"}],"author":[{"embeddable":true,"href":"https:\/\/chiavalon.hr\/it\/wp-json\/wp\/v2\/users\/1"}],"replies":[{"embeddable":true,"href":"https:\/\/chiavalon.hr\/it\/wp-json\/wp\/v2\/comments?post=11373"}],"version-history":[{"count":0,"href":"https:\/\/chiavalon.hr\/it\/wp-json\/wp\/v2\/posts\/11373\/revisions"}],"wp:featuredmedia":[{"embeddable":true,"href":"https:\/\/chiavalon.hr\/it\/wp-json\/wp\/v2\/media\/11362"}],"wp:attachment":[{"href":"https:\/\/chiavalon.hr\/it\/wp-json\/wp\/v2\/media?parent=11373"}],"wp:term":[{"taxonomy":"category","embeddable":true,"href":"https:\/\/chiavalon.hr\/it\/wp-json\/wp\/v2\/categories?post=11373"},{"taxonomy":"post_tag","embeddable":true,"href":"https:\/\/chiavalon.hr\/it\/wp-json\/wp\/v2\/tags?post=11373"}],"curies":[{"name":"wp","href":"https:\/\/api.w.org\/{rel}","templated":true}]}}