{"id":8757,"date":"2023-11-28T10:34:00","date_gmt":"2023-11-28T09:34:00","guid":{"rendered":"https:\/\/chiavalon.hr\/unkategorisiert\/istravirgin-days-of-young-olive-oil\/"},"modified":"2026-03-26T12:37:01","modified_gmt":"2026-03-26T11:37:01","slug":"istravirgin-days-of-young-olive-oil","status":"publish","type":"post","link":"https:\/\/chiavalon.hr\/de\/nachrichten\/istravirgin-days-of-young-olive-oil\/","title":{"rendered":"ISTRAVIRGIN: Tage des jungen Oliven\u00f6ls"},"content":{"rendered":"\n<p>Ein weiteres erstaunliches Wochenende liegt hinter uns: das Chiavalon-Team nahm an der 17. Ausgabe der Tage des jungen Oliven\u00f6ls teil. . Zusammenf\u00fchrung von Olivenbauern, \u00d6lproduzenten, kulinarischen Experten und Enthusiasten des fl\u00fcssigen &#8222;gr\u00fcnen Goldes&#8220;, einem m\u00e4chtigen Symbol Istriens, beherbergte Istravirgin Olivenbauern, die ihre jungen \u00d6le aus der Ernte 2023 pr\u00e4sentierten. Sie pr\u00e4sentierten ihre Anwendung in Meisterklassen, organisiert von unserem erstaunlichen Freund Hrvoje Petri\u0107.<\/p>\n\n\n\n<p>Unser Familienbetrieb erhielt eine besondere Auszeichnung f\u00fcr die istrische Qualit\u00e4t, den IQ-Award, f\u00fcr extra natives Oliven\u00f6l. An unserem Stand konnten Sie neben dem Probieren unserer frischen Mischungen aus der Ernte 2023 auch besondere Cocktails mit Old Pilots Gin, Tonic und Oliven\u00f6l erleben, die wir in Zusammenarbeit mit dem bekanntesten Barkeeper Kroatiens, Filip Plete\u0161, entworfen haben.<\/p>\n\n\n\n<p>W\u00e4hrend der Veranstaltung genossen wir ein abwechslungsreiches Programm, Oliven\u00f6lpr\u00e4sentationen, Verkostungen von frischen Oliven\u00f6len aus der neuen Ernte und Kaufm\u00f6glichkeiten. Expertenvortr\u00e4ge zum Oliven\u00f6lherstellungsprozess und erstklassige gastronomische Angebote wurden ebenfalls pr\u00e4sentiert. Die Tage des jungen Oliven\u00f6ls bieten die Gelegenheit, daran zu erinnern, dass Oliven\u00f6l nicht nur ein Markterzeugnis ist, sondern auch eine wichtige Zutat unserer traditionellen K\u00fcche und ein entscheidendes Element der kulturellen Identit\u00e4t Istriens.<\/p>\n\n\n\n<p>Ein H\u00f6hepunkt des Festivals war eine Podiumsdiskussion, bei der Mattia Barciulli, Pr\u00e4sident des Vereins &#8218;Il Magnifico&#8216; aus der Toskana, Emiliano Biaggi, Pr\u00e4sident des Clubs EQOO (Extra Quality Olive Oils), und Maria Paola Gabusi, Leiterin des renommierten Wettbewerbs f\u00fcr Oliven\u00f6le &#8218;Leone d&#8217;oro&#8216;, in h\u00f6chsten T\u00f6nen \u00fcber die Qualit\u00e4t der istrischen Oliven\u00f6le sprachen.<\/p>\n\n\n\n<p>Wir haben auch die unbestreitbare Exzellenz der istrischen extra nativen Oliven\u00f6le anerkannt, wie sie jedes Jahr durch zahlreiche Auszeichnungen und Anerkennungen von renommierten Wettbewerben und Bewertungen weltweit betont wird.<\/p>\n\n\n\n<p>Ein herzliches Dankesch\u00f6n an das gesamte Team, das unerm\u00fcdlich daran gearbeitet hat, unsere G\u00e4ste am Stand zu unterhalten und einzubeziehen, und auch ein gro\u00dfes Dankesch\u00f6n an all die lieben Freunde, Kollegen und Partner, die uns besucht haben.<\/p>\n","protected":false},"excerpt":{"rendered":"<p>Ein weiteres erstaunliches Wochenende liegt hinter uns: das Chiavalon-Team nahm an der 17. Ausgabe der Tage des jungen Oliven\u00f6ls teil. . Zusammenf\u00fchrung von Olivenbauern, \u00d6lproduzenten, kulinarischen Experten und Enthusiasten des fl\u00fcssigen &#8222;gr\u00fcnen Goldes&#8220;, einem m\u00e4chtigen Symbol Istriens, beherbergte Istravirgin Olivenbauern, die ihre jungen \u00d6le aus der Ernte 2023 pr\u00e4sentierten. Sie pr\u00e4sentierten ihre Anwendung in Meisterklassen, [&hellip;]<\/p>\n","protected":false},"author":10,"featured_media":8479,"comment_status":"open","ping_status":"open","sticky":false,"template":"","format":"standard","meta":{"inline_featured_image":false,"footnotes":""},"categories":[138,83],"tags":[],"class_list":["post-8757","post","type-post","status-publish","format-standard","has-post-thumbnail","hentry","category-blog","category-nachrichten"],"yoast_head":"<!-- This site is optimized with the Yoast SEO plugin v26.1 - https:\/\/yoast.com\/wordpress\/plugins\/seo\/ -->\n<title>ISTRAVIRGIN: Tage des jungen Oliven\u00f6ls | Chiavalon<\/title>\n<meta name=\"robots\" content=\"index, follow, max-snippet:-1, max-image-preview:large, max-video-preview:-1\" \/>\n<link rel=\"canonical\" href=\"https:\/\/chiavalon.hr\/de\/nachrichten\/istravirgin-days-of-young-olive-oil\/\" \/>\n<meta property=\"og:locale\" content=\"de_DE\" \/>\n<meta property=\"og:type\" content=\"article\" \/>\n<meta property=\"og:title\" content=\"ISTRAVIRGIN: Tage des jungen Oliven\u00f6ls | Chiavalon\" \/>\n<meta property=\"og:description\" content=\"Ein weiteres erstaunliches Wochenende liegt hinter uns: das Chiavalon-Team nahm an der 17. Ausgabe der Tage des jungen Oliven\u00f6ls teil. . Zusammenf\u00fchrung von Olivenbauern, \u00d6lproduzenten, kulinarischen Experten und Enthusiasten des fl\u00fcssigen &#8222;gr\u00fcnen Goldes&#8220;, einem m\u00e4chtigen Symbol Istriens, beherbergte Istravirgin Olivenbauern, die ihre jungen \u00d6le aus der Ernte 2023 pr\u00e4sentierten. Sie pr\u00e4sentierten ihre Anwendung in Meisterklassen, [&hellip;]\" \/>\n<meta property=\"og:url\" content=\"https:\/\/chiavalon.hr\/de\/nachrichten\/istravirgin-days-of-young-olive-oil\/\" \/>\n<meta property=\"og:site_name\" content=\"Chiavalon\" \/>\n<meta property=\"article:published_time\" content=\"2023-11-28T09:34:00+00:00\" \/>\n<meta property=\"article:modified_time\" content=\"2026-03-26T11:37:01+00:00\" \/>\n<meta property=\"og:image\" content=\"https:\/\/chiavalon.hr\/wp-content\/uploads\/2023\/11\/5.webp\" \/>\n\t<meta property=\"og:image:width\" content=\"1080\" \/>\n\t<meta property=\"og:image:height\" content=\"620\" \/>\n\t<meta property=\"og:image:type\" content=\"image\/webp\" \/>\n<meta name=\"author\" content=\"order\" \/>\n<meta name=\"twitter:card\" content=\"summary_large_image\" \/>\n<meta name=\"twitter:label1\" content=\"Verfasst von\" \/>\n\t<meta name=\"twitter:data1\" content=\"order\" \/>\n\t<meta name=\"twitter:label2\" content=\"Gesch\u00e4tzte Lesezeit\" \/>\n\t<meta name=\"twitter:data2\" content=\"2\u00a0Minuten\" \/>\n<script type=\"application\/ld+json\" class=\"yoast-schema-graph\">{\"@context\":\"https:\/\/schema.org\",\"@graph\":[{\"@type\":\"WebPage\",\"@id\":\"https:\/\/chiavalon.hr\/de\/nachrichten\/istravirgin-days-of-young-olive-oil\/\",\"url\":\"https:\/\/chiavalon.hr\/de\/nachrichten\/istravirgin-days-of-young-olive-oil\/\",\"name\":\"ISTRAVIRGIN: Tage des jungen Oliven\u00f6ls | Chiavalon\",\"isPartOf\":{\"@id\":\"https:\/\/chiavalon.hr\/#website\"},\"primaryImageOfPage\":{\"@id\":\"https:\/\/chiavalon.hr\/de\/nachrichten\/istravirgin-days-of-young-olive-oil\/#primaryimage\"},\"image\":{\"@id\":\"https:\/\/chiavalon.hr\/de\/nachrichten\/istravirgin-days-of-young-olive-oil\/#primaryimage\"},\"thumbnailUrl\":\"https:\/\/chiavalon.hr\/wp-content\/uploads\/2023\/11\/5.webp\",\"datePublished\":\"2023-11-28T09:34:00+00:00\",\"dateModified\":\"2026-03-26T11:37:01+00:00\",\"author\":{\"@id\":\"https:\/\/chiavalon.hr\/#\/schema\/person\/828bab9ec632778a44fddbbf316f9dfc\"},\"breadcrumb\":{\"@id\":\"https:\/\/chiavalon.hr\/de\/nachrichten\/istravirgin-days-of-young-olive-oil\/#breadcrumb\"},\"inLanguage\":\"de\",\"potentialAction\":[{\"@type\":\"ReadAction\",\"target\":[\"https:\/\/chiavalon.hr\/de\/nachrichten\/istravirgin-days-of-young-olive-oil\/\"]}]},{\"@type\":\"ImageObject\",\"inLanguage\":\"de\",\"@id\":\"https:\/\/chiavalon.hr\/de\/nachrichten\/istravirgin-days-of-young-olive-oil\/#primaryimage\",\"url\":\"https:\/\/chiavalon.hr\/wp-content\/uploads\/2023\/11\/5.webp\",\"contentUrl\":\"https:\/\/chiavalon.hr\/wp-content\/uploads\/2023\/11\/5.webp\",\"width\":1080,\"height\":620},{\"@type\":\"BreadcrumbList\",\"@id\":\"https:\/\/chiavalon.hr\/de\/nachrichten\/istravirgin-days-of-young-olive-oil\/#breadcrumb\",\"itemListElement\":[{\"@type\":\"ListItem\",\"position\":1,\"name\":\"Home\",\"item\":\"https:\/\/chiavalon.hr\/de\/chiavalon\/\"},{\"@type\":\"ListItem\",\"position\":2,\"name\":\"ISTRAVIRGIN: Tage des jungen Oliven\u00f6ls\"}]},{\"@type\":\"WebSite\",\"@id\":\"https:\/\/chiavalon.hr\/#website\",\"url\":\"https:\/\/chiavalon.hr\/\",\"name\":\"Chiavalon\",\"description\":\"\",\"potentialAction\":[{\"@type\":\"SearchAction\",\"target\":{\"@type\":\"EntryPoint\",\"urlTemplate\":\"https:\/\/chiavalon.hr\/?s={search_term_string}\"},\"query-input\":{\"@type\":\"PropertyValueSpecification\",\"valueRequired\":true,\"valueName\":\"search_term_string\"}}],\"inLanguage\":\"de\"},{\"@type\":\"Person\",\"@id\":\"https:\/\/chiavalon.hr\/#\/schema\/person\/828bab9ec632778a44fddbbf316f9dfc\",\"name\":\"order\",\"image\":{\"@type\":\"ImageObject\",\"inLanguage\":\"de\",\"@id\":\"https:\/\/chiavalon.hr\/#\/schema\/person\/image\/\",\"url\":\"https:\/\/secure.gravatar.com\/avatar\/768a2359e2c34100c684958b030df7f3ca3fd2a3a7c792ead2a84f3939c68de8?s=96&d=mm&r=g\",\"contentUrl\":\"https:\/\/secure.gravatar.com\/avatar\/768a2359e2c34100c684958b030df7f3ca3fd2a3a7c792ead2a84f3939c68de8?s=96&d=mm&r=g\",\"caption\":\"order\"}}]}<\/script>\n<!-- \/ Yoast SEO plugin. -->","yoast_head_json":{"title":"ISTRAVIRGIN: Tage des jungen Oliven\u00f6ls | Chiavalon","robots":{"index":"index","follow":"follow","max-snippet":"max-snippet:-1","max-image-preview":"max-image-preview:large","max-video-preview":"max-video-preview:-1"},"canonical":"https:\/\/chiavalon.hr\/de\/nachrichten\/istravirgin-days-of-young-olive-oil\/","og_locale":"de_DE","og_type":"article","og_title":"ISTRAVIRGIN: Tage des jungen Oliven\u00f6ls | Chiavalon","og_description":"Ein weiteres erstaunliches Wochenende liegt hinter uns: das Chiavalon-Team nahm an der 17. Ausgabe der Tage des jungen Oliven\u00f6ls teil. . Zusammenf\u00fchrung von Olivenbauern, \u00d6lproduzenten, kulinarischen Experten und Enthusiasten des fl\u00fcssigen &#8222;gr\u00fcnen Goldes&#8220;, einem m\u00e4chtigen Symbol Istriens, beherbergte Istravirgin Olivenbauern, die ihre jungen \u00d6le aus der Ernte 2023 pr\u00e4sentierten. Sie pr\u00e4sentierten ihre Anwendung in Meisterklassen, [&hellip;]","og_url":"https:\/\/chiavalon.hr\/de\/nachrichten\/istravirgin-days-of-young-olive-oil\/","og_site_name":"Chiavalon","article_published_time":"2023-11-28T09:34:00+00:00","article_modified_time":"2026-03-26T11:37:01+00:00","og_image":[{"width":1080,"height":620,"url":"https:\/\/chiavalon.hr\/wp-content\/uploads\/2023\/11\/5.webp","type":"image\/webp"}],"author":"order","twitter_card":"summary_large_image","twitter_misc":{"Verfasst von":"order","Gesch\u00e4tzte Lesezeit":"2\u00a0Minuten"},"schema":{"@context":"https:\/\/schema.org","@graph":[{"@type":"WebPage","@id":"https:\/\/chiavalon.hr\/de\/nachrichten\/istravirgin-days-of-young-olive-oil\/","url":"https:\/\/chiavalon.hr\/de\/nachrichten\/istravirgin-days-of-young-olive-oil\/","name":"ISTRAVIRGIN: Tage des jungen Oliven\u00f6ls | Chiavalon","isPartOf":{"@id":"https:\/\/chiavalon.hr\/#website"},"primaryImageOfPage":{"@id":"https:\/\/chiavalon.hr\/de\/nachrichten\/istravirgin-days-of-young-olive-oil\/#primaryimage"},"image":{"@id":"https:\/\/chiavalon.hr\/de\/nachrichten\/istravirgin-days-of-young-olive-oil\/#primaryimage"},"thumbnailUrl":"https:\/\/chiavalon.hr\/wp-content\/uploads\/2023\/11\/5.webp","datePublished":"2023-11-28T09:34:00+00:00","dateModified":"2026-03-26T11:37:01+00:00","author":{"@id":"https:\/\/chiavalon.hr\/#\/schema\/person\/828bab9ec632778a44fddbbf316f9dfc"},"breadcrumb":{"@id":"https:\/\/chiavalon.hr\/de\/nachrichten\/istravirgin-days-of-young-olive-oil\/#breadcrumb"},"inLanguage":"de","potentialAction":[{"@type":"ReadAction","target":["https:\/\/chiavalon.hr\/de\/nachrichten\/istravirgin-days-of-young-olive-oil\/"]}]},{"@type":"ImageObject","inLanguage":"de","@id":"https:\/\/chiavalon.hr\/de\/nachrichten\/istravirgin-days-of-young-olive-oil\/#primaryimage","url":"https:\/\/chiavalon.hr\/wp-content\/uploads\/2023\/11\/5.webp","contentUrl":"https:\/\/chiavalon.hr\/wp-content\/uploads\/2023\/11\/5.webp","width":1080,"height":620},{"@type":"BreadcrumbList","@id":"https:\/\/chiavalon.hr\/de\/nachrichten\/istravirgin-days-of-young-olive-oil\/#breadcrumb","itemListElement":[{"@type":"ListItem","position":1,"name":"Home","item":"https:\/\/chiavalon.hr\/de\/chiavalon\/"},{"@type":"ListItem","position":2,"name":"ISTRAVIRGIN: Tage des jungen Oliven\u00f6ls"}]},{"@type":"WebSite","@id":"https:\/\/chiavalon.hr\/#website","url":"https:\/\/chiavalon.hr\/","name":"Chiavalon","description":"","potentialAction":[{"@type":"SearchAction","target":{"@type":"EntryPoint","urlTemplate":"https:\/\/chiavalon.hr\/?s={search_term_string}"},"query-input":{"@type":"PropertyValueSpecification","valueRequired":true,"valueName":"search_term_string"}}],"inLanguage":"de"},{"@type":"Person","@id":"https:\/\/chiavalon.hr\/#\/schema\/person\/828bab9ec632778a44fddbbf316f9dfc","name":"order","image":{"@type":"ImageObject","inLanguage":"de","@id":"https:\/\/chiavalon.hr\/#\/schema\/person\/image\/","url":"https:\/\/secure.gravatar.com\/avatar\/768a2359e2c34100c684958b030df7f3ca3fd2a3a7c792ead2a84f3939c68de8?s=96&d=mm&r=g","contentUrl":"https:\/\/secure.gravatar.com\/avatar\/768a2359e2c34100c684958b030df7f3ca3fd2a3a7c792ead2a84f3939c68de8?s=96&d=mm&r=g","caption":"order"}}]}},"_links":{"self":[{"href":"https:\/\/chiavalon.hr\/de\/wp-json\/wp\/v2\/posts\/8757","targetHints":{"allow":["GET"]}}],"collection":[{"href":"https:\/\/chiavalon.hr\/de\/wp-json\/wp\/v2\/posts"}],"about":[{"href":"https:\/\/chiavalon.hr\/de\/wp-json\/wp\/v2\/types\/post"}],"author":[{"embeddable":true,"href":"https:\/\/chiavalon.hr\/de\/wp-json\/wp\/v2\/users\/10"}],"replies":[{"embeddable":true,"href":"https:\/\/chiavalon.hr\/de\/wp-json\/wp\/v2\/comments?post=8757"}],"version-history":[{"count":0,"href":"https:\/\/chiavalon.hr\/de\/wp-json\/wp\/v2\/posts\/8757\/revisions"}],"wp:featuredmedia":[{"embeddable":true,"href":"https:\/\/chiavalon.hr\/de\/wp-json\/wp\/v2\/media\/8479"}],"wp:attachment":[{"href":"https:\/\/chiavalon.hr\/de\/wp-json\/wp\/v2\/media?parent=8757"}],"wp:term":[{"taxonomy":"category","embeddable":true,"href":"https:\/\/chiavalon.hr\/de\/wp-json\/wp\/v2\/categories?post=8757"},{"taxonomy":"post_tag","embeddable":true,"href":"https:\/\/chiavalon.hr\/de\/wp-json\/wp\/v2\/tags?post=8757"}],"curies":[{"name":"wp","href":"https:\/\/api.w.org\/{rel}","templated":true}]}}