{"id":11372,"date":"2025-10-31T13:29:40","date_gmt":"2025-10-31T12:29:40","guid":{"rendered":"https:\/\/chiavalon.hr\/unkategorisiert\/29-berba-chiavalon-maslina-dvije-generacije-jedan-stroj-i-10-godina-vlastite-prerade\/"},"modified":"2026-03-26T13:14:17","modified_gmt":"2026-03-26T12:14:17","slug":"29-berba-chiavalon-maslina-dvije-generacije-jedan-stroj-i-10-godina-vlastite-prerade","status":"publish","type":"post","link":"https:\/\/chiavalon.hr\/de\/nachrichten\/29-berba-chiavalon-maslina-dvije-generacije-jedan-stroj-i-10-godina-vlastite-prerade\/","title":{"rendered":"Die 29. Chiavalon-Olivenernte: Zwei Generationen, eine Maschine und 10 Jahre eigener Produktion"},"content":{"rendered":"\n<p>In Vodnjan, zwischen den Olivenhainen, die sich bis zum Meer erstrecken, kehrt wieder die vertraute herbstliche Betriebsamkeit ein \u2013 die f\u00fcnfte Jahreszeit ist da: die Zeit der Olivenernte.<\/p>\n\n\n\n<p>Im Chiavalon-\u00d6lm\u00fchle laufen Tage und N\u00e4chte im gleichen Rhythmus \u2013 die Verarbeitung der Oliven h\u00f6rt nie auf.<br>Sandi Chiavalon, Gr\u00fcnder der Marke und Vision\u00e4r, der diese Geschichte bereits 1997 begann, leitet gemeinsam mit seinem Sohn Antonio die diesj\u00e4hrige Produktion. Antonio kommt direkt nach der Schule in die \u00d6lm\u00fchle und \u00fcbernimmt die Schicht, w\u00e4hrend Sandi sich mit ihm und den anderen Mitarbeitern abwechselt. Die Maschinen laufen rund um die Uhr, und der Duft frisch gemahlener Oliven erf\u00fcllt den Raum \u2013 ein sicheres Zeichen daf\u00fcr, dass in Vodnjan wieder neues Oliven\u00f6l entsteht.<\/p>\n\n\n\n<p>Dies ist bereits die <strong>29. Olivenernte f\u00fcr Chiavalon<\/strong> und das <strong>10. Jahr der eigenen Verarbeitung<\/strong> \u2013 was bedeutet, dass wir den gesamten Prozess, vom Baum bis zur Flasche, vollst\u00e4ndig in unseren H\u00e4nden halten. Genau das macht uns besonders: Erfahrung, famili\u00e4re Hingabe und volle Kontrolle \u00fcber jede einzelne Tropfen Oliven\u00f6l.<\/p>\n\n\n\n<p><strong>Ernte unter Sonne und Bora-Wind<\/strong><\/p>\n\n\n\n<p>Die diesj\u00e4hrige Ernte begann am <strong>2. Oktober<\/strong> bei fast idealem Wetter. Sonne und Bora begleiteten die Arbeit den ganzen Monat \u00fcber, was es erm\u00f6glichte, die Fr\u00fcchte trocken zu ernten und in bestem Zustand zu lagern.<br>Bis Ende Oktober waren bereits <strong>80 % der Oliven<\/strong> geerntet und verarbeitet, der Rest wartet, bis das Wetter wieder stabil ist.<\/p>\n\n\n\n<p>Der Regen Ende des Monats brachte \u00fcberf\u00fcllte M\u00fchlen in ganz Istrien, auch bei uns \u2013 aber wir bleiben organisiert und effizient, um alles so schnell wie m\u00f6glich abzuschlie\u00dfen.<\/p>\n\n\n\n<p><strong>Ein herausforderndes, aber erfolgreiches Jahr<\/strong><\/p>\n\n\n\n<p>Das Jahr war f\u00fcr Olivenbauern nicht einfach. Der Fr\u00fchling war sehr regenreich, gefolgt von Trockenheit und hohen Temperaturen im Mai und Juni, was die Bl\u00fcte und Fruchtbildung der Oliven beeinflusste. Der Juli und August wiederum waren ungew\u00f6hnlich nass, was Sch\u00e4dlinge wie den Olivenbohrer, die Baumwanze und die Olivenfliege beg\u00fcnstigte \u2013 eine gro\u00dfe Herausforderung besonders f\u00fcr Bio-Produzenten.<\/p>\n\n\n\n<p>Dank der st\u00e4ndigen Pflege und des Engagements unseres Teams konnte die Ernte jedoch gerettet werden.<br>Obwohl die Menge der Oliven etwas geringer ist als im letzten Jahr, sind die Ausbeuten besser, sodass die Gesamtmenge des \u00d6ls \u00e4hnlich wie im Vorjahr sein wird. Die Oliven erreichten die M\u00fchle gesund, und die \u00d6le sind in diesem Jahr besonders harmonisch und fruchtig \u2013 genau so, wie wir sie lieben. Der regenreiche Sommer hat den \u00d6len zus\u00e4tzliche Frische und Tiefe verliehen, die man in jedem Tropfen schmeckt.<\/p>\n\n\n<div class=\"wp-block-image\">\n<figure class=\"aligncenter size-full\"><a href=\"https:\/\/chiavalon.hr\/wp-content\/uploads\/2026\/03\/sandi-intervju-1024x683-1.webp\"><img fetchpriority=\"high\" decoding=\"async\" width=\"1024\" height=\"683\" src=\"https:\/\/chiavalon.hr\/wp-content\/uploads\/2026\/03\/sandi-intervju-1024x683-1.webp\" alt=\"\" class=\"wp-image-11367\" srcset=\"https:\/\/chiavalon.hr\/wp-content\/uploads\/2026\/03\/sandi-intervju-1024x683-1.webp 1024w, https:\/\/chiavalon.hr\/wp-content\/uploads\/2026\/03\/sandi-intervju-1024x683-1-300x200.webp 300w, https:\/\/chiavalon.hr\/wp-content\/uploads\/2026\/03\/sandi-intervju-1024x683-1-768x512.webp 768w, https:\/\/chiavalon.hr\/wp-content\/uploads\/2026\/03\/sandi-intervju-1024x683-1-600x400.webp 600w, https:\/\/chiavalon.hr\/wp-content\/uploads\/2026\/03\/sandi-intervju-1024x683-1-100x67.webp 100w\" sizes=\"(max-width: 1024px) 100vw, 1024px\" \/><\/a><\/figure><\/div>\n\n\n<p><strong>Technologie, Tradition und Wissen<\/strong><\/p>\n\n\n\n<p>Unsere \u00d6lm\u00fchle ist nicht nur ein Ort der Produktion \u2013 sie ist ein Ort, an dem Wissen geteilt und Innovationen eingef\u00fchrt werden. Das gesamte System ist digitalisiert, sodass alle Olivenbauern, die ihre Fr\u00fcchte zu uns bringen, den Prozess in Echtzeit verfolgen und E-Mail-Benachrichtigungen erhalten k\u00f6nnen, wenn ihr \u00d6l fertig ist.<\/p>\n\n\n\n<p>Sandi betont, dass Digitalisierung ein neues Vertrauen unter den lokalen Produzenten geschaffen hat. Besonders stolz sind wir auch auf die wachsende Zahl von Olivenbauern, die ihr \u00d6l sofort nach der Verarbeitung filtern. Filtration ist, wie Sandi sagt, entscheidend f\u00fcr Haltbarkeit und Qualit\u00e4t \u2013 und immer mehr Produzenten erkennen das.<br>\u201eWenn du siehst, dass Menschen lernen und den Prozess verstehen\u201c, sagt er mit einem L\u00e4cheln, \u201ewei\u00dft du, dass wir auf dem richtigen Weg sind.\u201c<\/p>\n\n\n\n<p>Jetzt beginnt die n\u00e4chste sch\u00f6ne Phase: <strong>die Verkostung<\/strong>. Wie jedes Jahr verarbeiten wir Sorte f\u00fcr Sorte und kreieren Blends, die jedes Gericht bereichern und auf ein neues Niveau heben.<\/p>\n\n\n\n<p><strong>Zwei Generationen, ein gemeinsames Ziel<\/strong><\/p>\n\n\n\n<p>Die Chiavalon-\u00d6lm\u00fchle verk\u00f6rpert heute den wahren Familiengeist. Zwei Generationen \u2013 Vater und Sohn \u2013 arbeiten Seite an Seite an derselben Maschine. Antonio, der noch die landwirtschaftliche Schule besucht, lernt bereits in der Praxis, mit Leidenschaft f\u00fcr Oliven und die Erde, die ihn umgibt.<\/p>\n\n\n\n<p>Ihre Arbeit symbolisiert die Verbindung zwischen Tradition und Zukunft \u2013 eine Familie, die sich st\u00e4ndig weiterentwickelt, aber ihren Werten treu bleibt.<\/p>\n\n\n\n<p>Die Ernte 2025 bringt alles, wof\u00fcr Chiavalon steht: Leidenschaft, Wissen, Engagement und Innovation. Sonne, Bora, Regen und Erde vereinen sich erneut mit den H\u00e4nden der Menschen und der Kraft der Familie.<\/p>\n\n\n\n<p>Und w\u00e4hrend das neue, goldgr\u00fcn schimmernde \u00d6l aus der Presse flie\u00dft, kann man in seinem Duft und Geschmack das Wichtigste sp\u00fcren \u2013 die Liebe zum Olivenbaum und den Stolz auf die Familienarbeit.<\/p>\n\n\n\n<p>W\u00e4hrend die Maschinen unerm\u00fcdlich weiterlaufen, tauschen Sandi und Antonio einen Blick aus, der alles sagt: <strong>Die Arbeit geht weiter<\/strong>.<\/p>\n","protected":false},"excerpt":{"rendered":"<p>In Vodnjan, zwischen den Olivenhainen, die sich bis zum Meer erstrecken, kehrt wieder die vertraute herbstliche Betriebsamkeit ein \u2013 die f\u00fcnfte Jahreszeit ist da: die Zeit der Olivenernte. Im Chiavalon-\u00d6lm\u00fchle laufen Tage und N\u00e4chte im gleichen Rhythmus \u2013 die Verarbeitung der Oliven h\u00f6rt nie auf.Sandi Chiavalon, Gr\u00fcnder der Marke und Vision\u00e4r, der diese Geschichte bereits [&hellip;]<\/p>\n","protected":false},"author":1,"featured_media":11361,"comment_status":"open","ping_status":"open","sticky":false,"template":"","format":"standard","meta":{"inline_featured_image":false,"footnotes":""},"categories":[138,83],"tags":[],"class_list":["post-11372","post","type-post","status-publish","format-standard","has-post-thumbnail","hentry","category-blog","category-nachrichten"],"yoast_head":"<!-- This site is optimized with the Yoast SEO plugin v26.1 - https:\/\/yoast.com\/wordpress\/plugins\/seo\/ -->\n<title>Die 29. Olivenernte: Zwei Generationen, eine Maschine | Chiavalon<\/title>\n<meta name=\"description\" content=\"Erfahren Sie mehr \u00fcber Chiavalons 29. Olivenernte \u2013 Tradition trifft Technologie. 10 Jahre eigene Verarbeitung, h\u00f6chste Qualit\u00e4t aus Vodnjan.\" \/>\n<meta name=\"robots\" content=\"index, follow, max-snippet:-1, max-image-preview:large, max-video-preview:-1\" \/>\n<link rel=\"canonical\" href=\"https:\/\/chiavalon.hr\/de\/nachrichten\/29-berba-chiavalon-maslina-dvije-generacije-jedan-stroj-i-10-godina-vlastite-prerade\/\" \/>\n<meta property=\"og:locale\" content=\"de_DE\" \/>\n<meta property=\"og:type\" content=\"article\" \/>\n<meta property=\"og:title\" content=\"Die 29. Olivenernte: Zwei Generationen, eine Maschine | Chiavalon\" \/>\n<meta property=\"og:description\" content=\"Erfahren Sie mehr \u00fcber Chiavalons 29. Olivenernte \u2013 Tradition trifft Technologie. 10 Jahre eigene Verarbeitung, h\u00f6chste Qualit\u00e4t aus Vodnjan.\" \/>\n<meta property=\"og:url\" content=\"https:\/\/chiavalon.hr\/de\/nachrichten\/29-berba-chiavalon-maslina-dvije-generacije-jedan-stroj-i-10-godina-vlastite-prerade\/\" \/>\n<meta property=\"og:site_name\" content=\"Chiavalon\" \/>\n<meta property=\"article:published_time\" content=\"2025-10-31T12:29:40+00:00\" \/>\n<meta property=\"article:modified_time\" content=\"2026-03-26T12:14:17+00:00\" \/>\n<meta property=\"og:image\" content=\"https:\/\/chiavalon.hr\/wp-content\/uploads\/2026\/03\/PHOTO-2025-10-30-13-14-07.webp\" \/>\n\t<meta property=\"og:image:width\" content=\"960\" \/>\n\t<meta property=\"og:image:height\" content=\"720\" \/>\n\t<meta property=\"og:image:type\" content=\"image\/webp\" \/>\n<meta name=\"author\" content=\"ivanpercan\" \/>\n<meta name=\"twitter:card\" content=\"summary_large_image\" \/>\n<meta name=\"twitter:label1\" content=\"Verfasst von\" \/>\n\t<meta name=\"twitter:data1\" content=\"ivanpercan\" \/>\n\t<meta name=\"twitter:label2\" content=\"Gesch\u00e4tzte Lesezeit\" \/>\n\t<meta name=\"twitter:data2\" content=\"4\u00a0Minuten\" \/>\n<script type=\"application\/ld+json\" class=\"yoast-schema-graph\">{\"@context\":\"https:\/\/schema.org\",\"@graph\":[{\"@type\":\"WebPage\",\"@id\":\"https:\/\/chiavalon.hr\/de\/nachrichten\/29-berba-chiavalon-maslina-dvije-generacije-jedan-stroj-i-10-godina-vlastite-prerade\/\",\"url\":\"https:\/\/chiavalon.hr\/de\/nachrichten\/29-berba-chiavalon-maslina-dvije-generacije-jedan-stroj-i-10-godina-vlastite-prerade\/\",\"name\":\"Die 29. Olivenernte: Zwei Generationen, eine Maschine | Chiavalon\",\"isPartOf\":{\"@id\":\"https:\/\/chiavalon.hr\/#website\"},\"primaryImageOfPage\":{\"@id\":\"https:\/\/chiavalon.hr\/de\/nachrichten\/29-berba-chiavalon-maslina-dvije-generacije-jedan-stroj-i-10-godina-vlastite-prerade\/#primaryimage\"},\"image\":{\"@id\":\"https:\/\/chiavalon.hr\/de\/nachrichten\/29-berba-chiavalon-maslina-dvije-generacije-jedan-stroj-i-10-godina-vlastite-prerade\/#primaryimage\"},\"thumbnailUrl\":\"https:\/\/chiavalon.hr\/wp-content\/uploads\/2026\/03\/PHOTO-2025-10-30-13-14-07.webp\",\"datePublished\":\"2025-10-31T12:29:40+00:00\",\"dateModified\":\"2026-03-26T12:14:17+00:00\",\"author\":{\"@id\":\"https:\/\/chiavalon.hr\/#\/schema\/person\/c55a999ad65fce98eb4e1a651320a0c7\"},\"description\":\"Erfahren Sie mehr \u00fcber Chiavalons 29. Olivenernte \u2013 Tradition trifft Technologie. 10 Jahre eigene Verarbeitung, h\u00f6chste Qualit\u00e4t aus Vodnjan.\",\"breadcrumb\":{\"@id\":\"https:\/\/chiavalon.hr\/de\/nachrichten\/29-berba-chiavalon-maslina-dvije-generacije-jedan-stroj-i-10-godina-vlastite-prerade\/#breadcrumb\"},\"inLanguage\":\"de\",\"potentialAction\":[{\"@type\":\"ReadAction\",\"target\":[\"https:\/\/chiavalon.hr\/de\/nachrichten\/29-berba-chiavalon-maslina-dvije-generacije-jedan-stroj-i-10-godina-vlastite-prerade\/\"]}]},{\"@type\":\"ImageObject\",\"inLanguage\":\"de\",\"@id\":\"https:\/\/chiavalon.hr\/de\/nachrichten\/29-berba-chiavalon-maslina-dvije-generacije-jedan-stroj-i-10-godina-vlastite-prerade\/#primaryimage\",\"url\":\"https:\/\/chiavalon.hr\/wp-content\/uploads\/2026\/03\/PHOTO-2025-10-30-13-14-07.webp\",\"contentUrl\":\"https:\/\/chiavalon.hr\/wp-content\/uploads\/2026\/03\/PHOTO-2025-10-30-13-14-07.webp\",\"width\":960,\"height\":720},{\"@type\":\"BreadcrumbList\",\"@id\":\"https:\/\/chiavalon.hr\/de\/nachrichten\/29-berba-chiavalon-maslina-dvije-generacije-jedan-stroj-i-10-godina-vlastite-prerade\/#breadcrumb\",\"itemListElement\":[{\"@type\":\"ListItem\",\"position\":1,\"name\":\"Home\",\"item\":\"https:\/\/chiavalon.hr\/de\/chiavalon\/\"},{\"@type\":\"ListItem\",\"position\":2,\"name\":\"Die 29. Chiavalon-Olivenernte: Zwei Generationen, eine Maschine und 10 Jahre eigener Produktion\"}]},{\"@type\":\"WebSite\",\"@id\":\"https:\/\/chiavalon.hr\/#website\",\"url\":\"https:\/\/chiavalon.hr\/\",\"name\":\"Chiavalon\",\"description\":\"\",\"potentialAction\":[{\"@type\":\"SearchAction\",\"target\":{\"@type\":\"EntryPoint\",\"urlTemplate\":\"https:\/\/chiavalon.hr\/?s={search_term_string}\"},\"query-input\":{\"@type\":\"PropertyValueSpecification\",\"valueRequired\":true,\"valueName\":\"search_term_string\"}}],\"inLanguage\":\"de\"},{\"@type\":\"Person\",\"@id\":\"https:\/\/chiavalon.hr\/#\/schema\/person\/c55a999ad65fce98eb4e1a651320a0c7\",\"name\":\"ivanpercan\",\"image\":{\"@type\":\"ImageObject\",\"inLanguage\":\"de\",\"@id\":\"https:\/\/chiavalon.hr\/#\/schema\/person\/image\/\",\"url\":\"https:\/\/secure.gravatar.com\/avatar\/7167006268c65fbf33759443d10d826f29b912acae0ee815d28c2e67186e37bc?s=96&d=mm&r=g\",\"contentUrl\":\"https:\/\/secure.gravatar.com\/avatar\/7167006268c65fbf33759443d10d826f29b912acae0ee815d28c2e67186e37bc?s=96&d=mm&r=g\",\"caption\":\"ivanpercan\"}}]}<\/script>\n<!-- \/ Yoast SEO plugin. -->","yoast_head_json":{"title":"Die 29. Olivenernte: Zwei Generationen, eine Maschine | Chiavalon","description":"Erfahren Sie mehr \u00fcber Chiavalons 29. Olivenernte \u2013 Tradition trifft Technologie. 10 Jahre eigene Verarbeitung, h\u00f6chste Qualit\u00e4t aus Vodnjan.","robots":{"index":"index","follow":"follow","max-snippet":"max-snippet:-1","max-image-preview":"max-image-preview:large","max-video-preview":"max-video-preview:-1"},"canonical":"https:\/\/chiavalon.hr\/de\/nachrichten\/29-berba-chiavalon-maslina-dvije-generacije-jedan-stroj-i-10-godina-vlastite-prerade\/","og_locale":"de_DE","og_type":"article","og_title":"Die 29. Olivenernte: Zwei Generationen, eine Maschine | Chiavalon","og_description":"Erfahren Sie mehr \u00fcber Chiavalons 29. Olivenernte \u2013 Tradition trifft Technologie. 10 Jahre eigene Verarbeitung, h\u00f6chste Qualit\u00e4t aus Vodnjan.","og_url":"https:\/\/chiavalon.hr\/de\/nachrichten\/29-berba-chiavalon-maslina-dvije-generacije-jedan-stroj-i-10-godina-vlastite-prerade\/","og_site_name":"Chiavalon","article_published_time":"2025-10-31T12:29:40+00:00","article_modified_time":"2026-03-26T12:14:17+00:00","og_image":[{"width":960,"height":720,"url":"https:\/\/chiavalon.hr\/wp-content\/uploads\/2026\/03\/PHOTO-2025-10-30-13-14-07.webp","type":"image\/webp"}],"author":"ivanpercan","twitter_card":"summary_large_image","twitter_misc":{"Verfasst von":"ivanpercan","Gesch\u00e4tzte Lesezeit":"4\u00a0Minuten"},"schema":{"@context":"https:\/\/schema.org","@graph":[{"@type":"WebPage","@id":"https:\/\/chiavalon.hr\/de\/nachrichten\/29-berba-chiavalon-maslina-dvije-generacije-jedan-stroj-i-10-godina-vlastite-prerade\/","url":"https:\/\/chiavalon.hr\/de\/nachrichten\/29-berba-chiavalon-maslina-dvije-generacije-jedan-stroj-i-10-godina-vlastite-prerade\/","name":"Die 29. Olivenernte: Zwei Generationen, eine Maschine | Chiavalon","isPartOf":{"@id":"https:\/\/chiavalon.hr\/#website"},"primaryImageOfPage":{"@id":"https:\/\/chiavalon.hr\/de\/nachrichten\/29-berba-chiavalon-maslina-dvije-generacije-jedan-stroj-i-10-godina-vlastite-prerade\/#primaryimage"},"image":{"@id":"https:\/\/chiavalon.hr\/de\/nachrichten\/29-berba-chiavalon-maslina-dvije-generacije-jedan-stroj-i-10-godina-vlastite-prerade\/#primaryimage"},"thumbnailUrl":"https:\/\/chiavalon.hr\/wp-content\/uploads\/2026\/03\/PHOTO-2025-10-30-13-14-07.webp","datePublished":"2025-10-31T12:29:40+00:00","dateModified":"2026-03-26T12:14:17+00:00","author":{"@id":"https:\/\/chiavalon.hr\/#\/schema\/person\/c55a999ad65fce98eb4e1a651320a0c7"},"description":"Erfahren Sie mehr \u00fcber Chiavalons 29. Olivenernte \u2013 Tradition trifft Technologie. 10 Jahre eigene Verarbeitung, h\u00f6chste Qualit\u00e4t aus Vodnjan.","breadcrumb":{"@id":"https:\/\/chiavalon.hr\/de\/nachrichten\/29-berba-chiavalon-maslina-dvije-generacije-jedan-stroj-i-10-godina-vlastite-prerade\/#breadcrumb"},"inLanguage":"de","potentialAction":[{"@type":"ReadAction","target":["https:\/\/chiavalon.hr\/de\/nachrichten\/29-berba-chiavalon-maslina-dvije-generacije-jedan-stroj-i-10-godina-vlastite-prerade\/"]}]},{"@type":"ImageObject","inLanguage":"de","@id":"https:\/\/chiavalon.hr\/de\/nachrichten\/29-berba-chiavalon-maslina-dvije-generacije-jedan-stroj-i-10-godina-vlastite-prerade\/#primaryimage","url":"https:\/\/chiavalon.hr\/wp-content\/uploads\/2026\/03\/PHOTO-2025-10-30-13-14-07.webp","contentUrl":"https:\/\/chiavalon.hr\/wp-content\/uploads\/2026\/03\/PHOTO-2025-10-30-13-14-07.webp","width":960,"height":720},{"@type":"BreadcrumbList","@id":"https:\/\/chiavalon.hr\/de\/nachrichten\/29-berba-chiavalon-maslina-dvije-generacije-jedan-stroj-i-10-godina-vlastite-prerade\/#breadcrumb","itemListElement":[{"@type":"ListItem","position":1,"name":"Home","item":"https:\/\/chiavalon.hr\/de\/chiavalon\/"},{"@type":"ListItem","position":2,"name":"Die 29. Chiavalon-Olivenernte: Zwei Generationen, eine Maschine und 10 Jahre eigener Produktion"}]},{"@type":"WebSite","@id":"https:\/\/chiavalon.hr\/#website","url":"https:\/\/chiavalon.hr\/","name":"Chiavalon","description":"","potentialAction":[{"@type":"SearchAction","target":{"@type":"EntryPoint","urlTemplate":"https:\/\/chiavalon.hr\/?s={search_term_string}"},"query-input":{"@type":"PropertyValueSpecification","valueRequired":true,"valueName":"search_term_string"}}],"inLanguage":"de"},{"@type":"Person","@id":"https:\/\/chiavalon.hr\/#\/schema\/person\/c55a999ad65fce98eb4e1a651320a0c7","name":"ivanpercan","image":{"@type":"ImageObject","inLanguage":"de","@id":"https:\/\/chiavalon.hr\/#\/schema\/person\/image\/","url":"https:\/\/secure.gravatar.com\/avatar\/7167006268c65fbf33759443d10d826f29b912acae0ee815d28c2e67186e37bc?s=96&d=mm&r=g","contentUrl":"https:\/\/secure.gravatar.com\/avatar\/7167006268c65fbf33759443d10d826f29b912acae0ee815d28c2e67186e37bc?s=96&d=mm&r=g","caption":"ivanpercan"}}]}},"_links":{"self":[{"href":"https:\/\/chiavalon.hr\/de\/wp-json\/wp\/v2\/posts\/11372","targetHints":{"allow":["GET"]}}],"collection":[{"href":"https:\/\/chiavalon.hr\/de\/wp-json\/wp\/v2\/posts"}],"about":[{"href":"https:\/\/chiavalon.hr\/de\/wp-json\/wp\/v2\/types\/post"}],"author":[{"embeddable":true,"href":"https:\/\/chiavalon.hr\/de\/wp-json\/wp\/v2\/users\/1"}],"replies":[{"embeddable":true,"href":"https:\/\/chiavalon.hr\/de\/wp-json\/wp\/v2\/comments?post=11372"}],"version-history":[{"count":0,"href":"https:\/\/chiavalon.hr\/de\/wp-json\/wp\/v2\/posts\/11372\/revisions"}],"wp:featuredmedia":[{"embeddable":true,"href":"https:\/\/chiavalon.hr\/de\/wp-json\/wp\/v2\/media\/11361"}],"wp:attachment":[{"href":"https:\/\/chiavalon.hr\/de\/wp-json\/wp\/v2\/media?parent=11372"}],"wp:term":[{"taxonomy":"category","embeddable":true,"href":"https:\/\/chiavalon.hr\/de\/wp-json\/wp\/v2\/categories?post=11372"},{"taxonomy":"post_tag","embeddable":true,"href":"https:\/\/chiavalon.hr\/de\/wp-json\/wp\/v2\/tags?post=11372"}],"curies":[{"name":"wp","href":"https:\/\/api.w.org\/{rel}","templated":true}]}}